{"id":90,"date":"2020-12-26T13:54:05","date_gmt":"2020-12-26T10:54:05","guid":{"rendered":"https:\/\/www.canakkalebienali.com\/kent-ekolojisi\/?p=90"},"modified":"2020-12-26T17:46:50","modified_gmt":"2020-12-26T14:46:50","slug":"kulturpark","status":"publish","type":"post","link":"https:\/\/www.canakkalebienali.com\/kent-ekolojisi\/kulturpark\/","title":{"rendered":"K\u00fclt\u00fcrpark"},"content":{"rendered":"<p>K\u00fclt\u00fcrpark Beh\u00e7et Uz \u00f6nc\u00fcl\u00fc\u011f\u00fcnde 1936 y\u0131l\u0131nda Atat\u00fcrk\u2019\u00fcn \u201cT\u00fcrkiye Cumhuriyeti\u2019nin di\u011fer devletlerle olan ekonomik ba\u011flant\u0131s\u0131n\u0131 sa\u011flamak\u201d vizonu do\u011frultusunda 420.000 m2 bir fuar alan\u0131 olarak kurulur. K\u00fclt\u00fcrpark \u201c\u0130zmir Enternasyonel Fuar\u0131\u201d h\u00fcviyetiyle uluslararas\u0131 bir kimli\u011fe de sahiptir. 2015&#8217;te Gaziemir&#8217;de in\u015fa edilen Fuar \u0130zmir hizmete girene kadar \u015fehirdeki t\u00fcm fuarlar K\u00fclt\u00fcrpark&#8217;ta d\u00fczenlenmi\u015ftir. <\/p>\n<p>\u0130zmir Yang\u0131n\u0131 \u00f6ncesinde Ermeni ve Rum mahallesinin bulundu\u011fu bu alan 1922 yang\u0131n\u0131yla birlikte harabe haline gelmi\u015f, yok olmu\u015ftur. Yang\u0131n alan\u0131nda kalan Fasula Mahallesi, ge\u00e7mi\u015finde tar\u0131m yap\u0131lan, fasulyesi ile me\u015fhur bir al\u00fcvyon sahas\u0131d\u0131r ve yakla\u015f\u0131k ortas\u0131ndan, Ermeni mahallesinden ge\u00e7en Boyac\u0131 Deresi \u201c\u0131slah\u201d edilmi\u015f ve \u00fczeri \u00f6rt\u00fclm\u00fc\u015ft\u00fcr.<\/p>\n<p>K\u00fclt\u00fcrpark\u2019ta 8000&#8217;den fazla a\u011fa\u00e7 ve 200 civar\u0131 bitki bulunmaktad\u0131r. K\u00fclt\u00fcrpark\u2019taki bitki \u00f6rt\u00fcs\u00fcn\u00fc yak\u0131ndan tan\u0131mak isterseniz \u201c\u0130ZFA\u015e\u201d taraf\u0131ndan yay\u0131nlanan \u201cK\u00fclt\u00fcrpark\u2019\u0131n A\u011fa\u00e7 ve \u00c7al\u0131 T\u00fcrleri\u201d envanterinden yararlanabilirsiniz:<br \/>\n<a class=\"button medium border\" href=\"https:\/\/www.google.com\/maps\/d\/u\/0\/viewer?mid=1suPLYute41OabMDG02txvkgESr0&#038;ll=38.42782360137543%2C27.145463999999997&#038;z=16\" rel=\"noopener\" target=\"_blank\">K\u00fclt\u00fcrpark Bitki Envanteri Haritas\u0131<\/a><\/p>\n","protected":false},"excerpt":{"rendered":"<p>K\u00fclt\u00fcrpark Beh\u00e7et Uz \u00f6nc\u00fcl\u00fc\u011f\u00fcnde 1936 y\u0131l\u0131nda Atat\u00fcrk\u2019\u00fcn \u201cT\u00fcrkiye Cumhuriyeti\u2019nin di\u011fer devletlerle olan ekonomik ba\u011flant\u0131s\u0131n\u0131 [&hellip;]<\/p>\n","protected":false},"author":2,"featured_media":91,"comment_status":"closed","ping_status":"closed","sticky":false,"template":"","format":"standard","meta":[],"categories":[9],"_links":{"self":[{"href":"https:\/\/www.canakkalebienali.com\/kent-ekolojisi\/wp-json\/wp\/v2\/posts\/90"}],"collection":[{"href":"https:\/\/www.canakkalebienali.com\/kent-ekolojisi\/wp-json\/wp\/v2\/posts"}],"about":[{"href":"https:\/\/www.canakkalebienali.com\/kent-ekolojisi\/wp-json\/wp\/v2\/types\/post"}],"author":[{"embeddable":true,"href":"https:\/\/www.canakkalebienali.com\/kent-ekolojisi\/wp-json\/wp\/v2\/users\/2"}],"replies":[{"embeddable":true,"href":"https:\/\/www.canakkalebienali.com\/kent-ekolojisi\/wp-json\/wp\/v2\/comments?post=90"}],"version-history":[{"count":0,"href":"https:\/\/www.canakkalebienali.com\/kent-ekolojisi\/wp-json\/wp\/v2\/posts\/90\/revisions"}],"wp:featuredmedia":[{"embeddable":true,"href":"https:\/\/www.canakkalebienali.com\/kent-ekolojisi\/wp-json\/wp\/v2\/media\/91"}],"wp:attachment":[{"href":"https:\/\/www.canakkalebienali.com\/kent-ekolojisi\/wp-json\/wp\/v2\/media?parent=90"}],"wp:term":[{"taxonomy":"category","embeddable":true,"href":"https:\/\/www.canakkalebienali.com\/kent-ekolojisi\/wp-json\/wp\/v2\/categories?post=90"}],"curies":[{"name":"wp","href":"https:\/\/api.w.org\/{rel}","templated":true}]}}